{"id":10453,"date":"2017-04-25T16:33:01","date_gmt":"2017-04-25T14:33:01","guid":{"rendered":"http:\/\/neu.thegeekettez.com\/?p=10453"},"modified":"2023-01-30T17:54:51","modified_gmt":"2023-01-30T16:54:51","slug":"the-geekettez-bwlions-cannes-lions","status":"publish","type":"post","link":"https:\/\/birdux.studio\/en\/the-geekettez-bwlions-cannes-lions\/","title":{"rendered":"ROOOAAAAR - The Geekettez are part of the bwlions delegation team"},"content":{"rendered":"<p>We are delighted to report that our studio has been selected to be one of ten delegates from Baden-W\u00fcrttemberg's creative industries to attend this year's&nbsp;<a href=\"https:\/\/www.canneslions.com\/\" target=\"_blank\" rel=\"noreferrer noopener\">Cannes Lions International Festival for Creativity<\/a>&nbsp;be driven.<br><br>While Stefanie keeps things running in the capital, Miss Moss and nine other delegates will be in Cannes from 17 June to gather inspiration, track down trends, attend workshops and host a 120-minute party. This is made possible by the cooperation of the&nbsp;<a href=\"http:\/\/www.bw-i.de\/startseite.html\" target=\"_blank\" rel=\"noreferrer noopener\">Baden-W\u00fcrttemberg International<\/a>&nbsp;(bw-i),&nbsp;<a href=\"http:\/\/www.mfg.de\/\" target=\"_blank\" rel=\"noreferrer noopener\">MFG Medien- und Filmgesellschaft Baden-W\u00fcrttemberg<\/a>,&nbsp;<a href=\"http:\/\/www.film.region-stuttgart.de\/filmcommission.html\" target=\"_blank\" rel=\"noreferrer noopener\">Film Commission Stuttgart Region&nbsp;<\/a>and the&nbsp;<a href=\"http:\/\/kreativnetzwerk.mfg.de\/de\" target=\"_blank\" rel=\"noreferrer noopener\">Creative Industries Network Baden-W\u00fcrttemberg<\/a>which has been sending representatives of Baden-W\u00fcrttemberg's creative region to Cannes for the past six years to report on new knowledge, ideas and trends, but also to establish international contacts and represent Baden-W\u00fcrttemberg on site.<\/p>\n\n\n\n<p>Although the festival does not take place until June, preparations have already begun. The first delegate meetings took place last week, where we not only got to know \"Team Awesome BWLions 2017\", but also started work on representing Baden-W\u00fcrttemberg in Cannes.<\/p>\n\n\n\n<p>This year's delegates can already be seen at&nbsp;<a href=\"http:\/\/bwlions.de\/de\/delegates\/2017\/\" target=\"_blank\" rel=\"noreferrer noopener\">www.bwlions.de<\/a>&nbsp;and find out what plans and expectations each individual is travelling to Cannes with. News, Riviera Gossip &amp; interesting reports will be published in the coming weeks and months on the&nbsp;<a href=\"http:\/\/bwlions.de\/de\/\" target=\"_blank\" rel=\"noreferrer noopener\">www.bwlions.de<\/a>&nbsp;and in the social media accounts&nbsp;<a href=\"https:\/\/www.instagram.com\/bw_lions_\/\" target=\"_blank\" rel=\"noreferrer noopener\">instagram.com\/bw_lions_<\/a>,&nbsp;<a href=\"https:\/\/twitter.com\/bw_lions\" target=\"_blank\" rel=\"noreferrer noopener\">twitter.com\/bw_lions<\/a>&nbsp;,&nbsp;<a href=\"https:\/\/www.facebook.com\/bwlions\/\" target=\"_blank\" rel=\"noreferrer noopener\">facebook.com\/bwlions<\/a>&nbsp;to be found.<\/p>\n\n\n\n<p><strong>We can hardly wait to continue working together and are looking forward to the coming months!<br><\/strong><strong>Many, many thanks to our talented studio colleague&nbsp;<a href=\"http:\/\/www.elmar-witt.de\/\" target=\"_blank\" rel=\"noreferrer noopener\">Elmar Witt<\/a>&nbsp;from the&nbsp;<a href=\"http:\/\/www.raben-engel-odenwaelder.de\/\" target=\"_blank\" rel=\"noreferrer noopener\">Raven Angel Odenwald Studio<\/a>who took the photos of the Mannheim delegates. &lt;3<\/strong><\/p>","protected":false},"excerpt":{"rendered":"<p>Wir freuen uns sehr&nbsp;berichten zu k\u00f6nnen, dass unser Studio ausgew\u00e4hlt wurde, eine von zehn Delegierten der Baden-W\u00fcrttembergischen Kreativwirtschaft zu stellen, die zum diesj\u00e4hrigen&nbsp;Cannes Lions International Festival for Creativity&nbsp;fahren werden. W\u00e4hrend Stefanie&nbsp;in der Hauptstadt den Laden am laufen h\u00e4lt, wird Miss Moss ab dem 17.06. zusammen mit neun weiteren Delegierten in Cannes u.a. Impulse sammeln, Trends [&hellip;]<\/p>\n","protected":false},"author":3,"featured_media":10454,"comment_status":"closed","ping_status":"open","sticky":false,"template":"","format":"standard","meta":{"_et_pb_use_builder":"off","_et_pb_old_content":"<span style=\"font-weight: 400;\">Wir freuen uns sehr&nbsp;berichten zu k\u00f6nnen, dass unser Studio ausgew\u00e4hlt wurde, eine von zehn Delegierten der Baden-W\u00fcrttembergischen Kreativwirtschaft zu stellen, die zum diesj\u00e4hrigen <\/span><a href=\"https:\/\/www.canneslions.com\/\"><span style=\"font-weight: 400;\">Cannes Lions International Festival for Creativity<\/span><\/a><span style=\"font-weight: 400;\"> fahren werden. <\/span><span style=\"font-weight: 400;\">\n<\/span><span style=\"font-weight: 400;\">\n<\/span><span style=\"font-weight: 400;\">W\u00e4hrend Stefanie&nbsp;in der Hauptstadt den Laden am laufen h\u00e4lt, wird Miss Moss ab dem 17.06. zusammen mit neun weiteren Delegierten in Cannes u.a. Impulse sammeln, Trends aufsp\u00fcren, Workshops besuchen und eine 120 Minuten Party hosten. M\u00f6glich macht dies die Zusammenarbeit der <\/span><a href=\"http:\/\/www.bw-i.de\/startseite.html\"><span style=\"font-weight: 400;\">Baden-W\u00fcrttemberg International<\/span><\/a><span style=\"font-weight: 400;\"> (bw-i), <\/span><a href=\"http:\/\/www.mfg.de\/\"><span style=\"font-weight: 400;\">MFG Medien- und Filmgesellschaft Baden-W\u00fcrttemberg<\/span><\/a><span style=\"font-weight: 400;\">, <\/span><a href=\"http:\/\/www.film.region-stuttgart.de\/filmcommission.html\"><span style=\"font-weight: 400;\">Film Commission Region Stuttgart <\/span><\/a><span style=\"font-weight: 400;\">und das <\/span><a href=\"http:\/\/kreativnetzwerk.mfg.de\/de\"><span style=\"font-weight: 400;\">Netzwerk Kreativwirtschaft Baden-W\u00fcrttemberg<\/span><\/a><span style=\"font-weight: 400;\">, die seit sechs Jahren Vertreter der baden-w\u00fcrttembergischen Kreativregion nach Cannes schicken, damit diese anschlie\u00dfend \u00fcber das neue Wissen, Ideen und Trends berichten, aber auch um internationale Kontakte kn\u00fcpfen und Ba-W\u00fc vor Ort zu vertreten. <\/span>\n\n<span style=\"font-weight: 400;\">Obwohl das Festival erst im Juni stattfindet, haben die Vorbereitungen bereits begonnen. In der vergangenen Woche fanden die ersten Delegierten Treffen statt, bei dem wir nicht nur \u201cTeam Awesome BWLions 2017\u201d kennenlernen durften, sondern auch schon mit der Arbeit f\u00fcr die Repr\u00e4sentation Baden-W\u00fcrttembergs in Cannes losgelegt haben.<\/span>\n\nBereits jetzt kann man die&nbsp;diesj\u00e4hrigen Delegierten auf <a href=\"http:\/\/bwlions.de\/de\/delegates\/2017\/\">www.bwlions.de<\/a>&nbsp;kennenlernen und erfahren mit welchen Pl\u00e4nen und Erwartungen jeder einzelne nach Cannes f\u00e4hrt. Neuigkeiten, Riviera Gossip &amp; interessante Berichte&nbsp;werden in den n\u00e4chsten Wochen und Monaten auf der&nbsp;Seite <a href=\"http:\/\/bwlions.de\/de\/\">www.bwlions.de<\/a>&nbsp;und in den Social Media Accounts&nbsp;<a href=\"https:\/\/www.instagram.com\/bw_lions_\/\">instagram.com\/bw_lions_<\/a>,&nbsp;<a href=\"https:\/\/twitter.com\/bw_lions\">twitter.com\/bw_lions<\/a>&nbsp;,&nbsp;<a href=\"https:\/\/www.facebook.com\/bwlions\/\">facebook.com\/bwlions<\/a>&nbsp;zu finden sein.\n\n<span style=\"font-weight: 400;\"><strong>Wir k\u00f6nnen die weitere Zusammenarbeit kaum abwarten und freuen uns auf die kommenden Monate!\n<\/strong><\/span><strong>Ganz, ganz gro\u00dfen Dank geht an unseren talentierten Studio Kollegen <a href=\"http:\/\/www.elmar-witt.de\/\">Elmar Witt<\/a>&nbsp;aus dem <a href=\"http:\/\/www.raben-engel-odenwaelder.de\/\">Raben-Engel-Odenw\u00e4lder Studio<\/a>, der die Photos der Mannheimer Delegierten \u00fcbernommen hat. &lt;3<\/strong>","_et_gb_content_width":"","footnotes":""},"categories":[11],"tags":[62,63],"class_list":["post-10453","post","type-post","status-publish","format-standard","has-post-thumbnail","hentry","category-studio-news","tag-bwlions","tag-canneslions"],"_links":{"self":[{"href":"https:\/\/birdux.studio\/en\/wp-json\/wp\/v2\/posts\/10453","targetHints":{"allow":["GET"]}}],"collection":[{"href":"https:\/\/birdux.studio\/en\/wp-json\/wp\/v2\/posts"}],"about":[{"href":"https:\/\/birdux.studio\/en\/wp-json\/wp\/v2\/types\/post"}],"author":[{"embeddable":true,"href":"https:\/\/birdux.studio\/en\/wp-json\/wp\/v2\/users\/3"}],"replies":[{"embeddable":true,"href":"https:\/\/birdux.studio\/en\/wp-json\/wp\/v2\/comments?post=10453"}],"version-history":[{"count":0,"href":"https:\/\/birdux.studio\/en\/wp-json\/wp\/v2\/posts\/10453\/revisions"}],"wp:featuredmedia":[{"embeddable":true,"href":"https:\/\/birdux.studio\/en\/wp-json\/wp\/v2\/media\/10454"}],"wp:attachment":[{"href":"https:\/\/birdux.studio\/en\/wp-json\/wp\/v2\/media?parent=10453"}],"wp:term":[{"taxonomy":"category","embeddable":true,"href":"https:\/\/birdux.studio\/en\/wp-json\/wp\/v2\/categories?post=10453"},{"taxonomy":"post_tag","embeddable":true,"href":"https:\/\/birdux.studio\/en\/wp-json\/wp\/v2\/tags?post=10453"}],"curies":[{"name":"wp","href":"https:\/\/api.w.org\/{rel}","templated":true}]}}